{"id":138,"date":"2026-01-08T13:16:54","date_gmt":"2026-01-08T13:16:54","guid":{"rendered":"http:\/\/tdi_78_49e"},"modified":"2026-01-12T09:40:48","modified_gmt":"2026-01-12T09:40:48","slug":"primer-foro-mundial-ayahuasca","status":"publish","type":"post","link":"https:\/\/www.ayahuascanews.org\/zh\/primer-foro-mundial-ayahuasca\/","title":{"rendered":"\u7b2c\u4e00\u5c4a\u4e16\u754c\u9752\u85e4\u8bba\u575b\u5c06\u5728\u897f\u73ed\u7259\u4e3e\u884c"},"content":{"rendered":"<p>2026 \u5e74 9 \u6708\uff0c\u8d6b\u7f57\u7eb3\u5c06\u4e3e\u529e\u9996\u5c4a\u4e16\u754c\u6b7b\u85e4\u6c34\u8bba\u575b\uff0c\u4f5c\u4e3a\u8fd9\u4e00\u77e5\u8bc6\u5b88\u62a4\u8005\u7684\u539f\u4f4f\u6c11\u5c06\u5728\u5176\u4e60\u4fd7\u548c\u9886\u5730\u7684\u5168\u7403\u6cbb\u7406\u4e2d\u53d1\u6325\u6838\u5fc3\u4f5c\u7528\u3002.<\/p>\n\n\n\n<p>\u539f\u4f4f\u6c11\u4ee3\u8868\u5c06\u9996\u6b21\u53c2\u52a0\u4e00\u4e2a\u56fd\u9645\u8bba\u575b\uff0c\u5bf9\u6b7b\u85e4\u6c34\u7684\u672a\u6765\u62e5\u6709\u771f\u6b63\u7684\u51b3\u7b56\u6743\u3002\u6b64\u6b21\u6d3b\u52a8\u7531\u5c24\u4f26\u5361-\u5854\u7d22\u4f26\u9f50\u7814\u7a76\u6240\uff08Yorenka Tasorentsi Institute\uff09\u548c ICEERS \u5171\u540c\u7ec4\u7ec7\uff0c\u4f20\u7edf\u9886\u8896\u3001\u7814\u7a76\u4eba\u5458\u3001\u533b\u7597\u4e13\u4e1a\u4eba\u58eb\u548c\u51b3\u7b56\u8005\u5c06\u9f50\u805a\u52a0\u6cf0\u7f57\u5c3c\u4e9a\u57ce\u5e02\uff0c\u5171\u540c\u8ba8\u8bba\u5c06\u8fd9\u79cd\u795e\u5723\u690d\u7269\u63a8\u5e7f\u5230\u539f\u4ea7\u5730\u4ee5\u5916\u7684\u6311\u6218\u3002.<\/p>\n\n\n\n<p>\u8be5\u5021\u8bae\u662f\u6570\u5341\u5e74\u96c6\u4f53\u52aa\u529b\u7684\u7ed3\u679c\uff0c\u4e5f\u662f<a href=\"https:\/\/ayahuascaconferenciaindigena.org\/en\" target=\"_blank\" rel=\"noopener\">&nbsp;\u5df4\u897f\u7b2c\u4e94\u5c4a\u539f\u4f4f\u6c11\u6b7b\u85e4\u6c34\u4f1a\u8bae<\/a>, \u4ed6\u4eec\u8c34\u8d23\u65e5\u76ca\u589e\u957f\u7684\u5546\u54c1\u5316\u73b0\u8c61\uff0c\u8981\u6c42\u5c0a\u91cd\u81ea\u7531\u3001\u4e8b\u5148\u548c\u77e5\u60c5\u78cb\u5546\u7684\u6743\u5229\u3002\u4f1a\u8bae\u529b\u6c42\u8d85\u8d8a\u5b66\u672f\u5927\u4f1a\u7684\u6a21\u5f0f\uff0c\u4e3a\u6587\u5316\u95f4\u5bf9\u8bdd\u548c\u4f26\u7406\u534f\u8bae\u521b\u9020\u7a7a\u95f4\uff0c\u4f18\u5148\u8003\u8651\u7ef4\u6301\u8fd9\u4e9b\u505a\u6cd5\u7684\u4eba\u6c11\u7684\u58f0\u97f3\u3002.<\/p>\n\n\n\n<p>\u8bba\u575b\u8fd8\u5c06\u8ba8\u8bba\u81ea\u7136\u8d44\u6e90\u7684\u8fc7\u5ea6\u5f00\u53d1\u3001\u5bf9\u73af\u5883\u7684\u5f71\u54cd\u3001\u5bf9\u4eba\u7c7b\u7684\u5f71\u54cd\u548c\u5bf9\u793e\u4f1a\u7684\u5f71\u54cd\u7b49\u95ee\u9898\u3002<a href=\"https:\/\/canamo.net\/noticias\/mundo\/son-realmente-milenarios-los-usos-psicodelicos\" target=\"_blank\" rel=\"noopener\">&nbsp;\u8ff7\u5e7b\u65c5\u6e38<\/a>&nbsp;\u4ee5\u53ca\u7f3a\u4e4f\u660e\u786e\u7684\u76d1\u7ba1\u6846\u67b6\u3002\u57ce\u5e02\u4eea\u5f0f\u4e2d\u7684\u6587\u5316\u76d7\u7528\u548c\u6e0e\u804c\u6848\u4ef6\u52a0\u5267\u4e86\u5bf9\u57fa\u4e8e\u793e\u533a\u7684\u591a\u90e8\u95e8\u5e94\u5bf9\u63aa\u65bd\u7684\u9700\u6c42\uff0c\u8fd9\u79cd\u5e94\u5bf9\u63aa\u65bd\u65e2\u8981\u4fdd\u62a4\u751f\u7269\u591a\u6837\u6027\uff0c\u53c8\u8981\u4fdd\u62a4\u793e\u533a\u7684\u6587\u5316\u6743\u5229\u3002.<\/p>\n\n\n\n<p>\u56fd\u9645\u4eba\u79cd\u690d\u7269\u5b66\u6559\u80b2\u3001\u7814\u7a76\u548c\u670d\u52a1\u4e2d\u5fc3&nbsp;<a href=\"https:\/\/www.iceers.org\/es\/sobre-nosotros\/\" target=\"_blank\" rel=\"noopener\">\uff08ICEERS<\/a>\u8be5\u8bba\u575b\u7684\u5171\u540c\u7ec4\u7ec7\u8005--\"\u56fd\u9645\u51cf\u5c11\u5371\u5bb3\u534f\u4f1a \"\u5c06\u8d21\u732e\u5176\u5728\u51cf\u5c11\u5371\u5bb3\u3001\u6cd5\u5f8b\u63f4\u52a9\u548c\u751f\u6210\u79d1\u5b66\u8bc1\u636e\u65b9\u9762\u7684\u7ecf\u9a8c\u3002\u5341\u591a\u5e74\u6765\uff0c\u8be5\u7ec4\u7ec7\u4e00\u76f4\u81f4\u529b\u4e8e\u652f\u6301\u571f\u8457\u77e5\u8bc6\u4e0e\u751f\u7269\u533b\u5b66\u6846\u67b6\u4e4b\u95f4\u5f00\u5c55\u76f8\u4e92\u5c0a\u91cd\u7684\u5bf9\u8bdd\uff0c\u907f\u514d\u8403\u53d6\u903b\u8f91\u3002.<\/p>\n\n\n\n<p>\"(\u300a\u4e16\u754c\u4eba\u6743\u5ba3\u8a00\u300b)&nbsp;<a href=\"https:\/\/www.ayahuasca2026.com\/es\/\" target=\"_blank\" rel=\"noopener\">\u4e16\u754c\u6b7b\u85e4\u6c34\u8bba\u575b<\/a>&nbsp;\u4e3a\u91cd\u65b0\u8ba4\u8bc6\u7956\u5148\u77e5\u8bc6\u4e0e\u5f53\u4ee3\u4e16\u754c\u4e4b\u95f4\u7684\u5173\u7cfb\u63d0\u4f9b\u4e86\u524d\u6240\u672a\u6709\u7684\u673a\u9047\u3002\u5b83\u7684\u6210\u529f\u5c06\u53d6\u51b3\u4e8e\u5c06\u5168\u7403\u5316\u4ece\u4e00\u79cd\u69a8\u53d6\u6027\u5a01\u80c1\u8f6c\u53d8\u4e3a\u4e00\u79cd\u57fa\u4e8e\u5c0a\u91cd\u548c\u4e92\u60e0\u7684\u4f19\u4f34\u5173\u7cfb\u3002.<\/p>\n\n\n\n<p>\u8d44\u6599\u6765\u6e90 <a href=\"https:\/\/canamo.net\/noticias\/espana\/en-espana-se-realizara-el-primer-foro-mundial-de-la-ayahuasca\" target=\"_blank\" rel=\"noopener\">\u9996\u5c4a\u4e16\u754c\u9752\u85e4\u8bba\u575b\u5c06\u5728\u897f\u73ed\u7259\u4e3e\u884c | Hemp<\/a><\/p>","protected":false},"excerpt":{"rendered":"<p>En septiembre de 2026, Girona acoger\u00e1 el primer Foro Mundial de la Ayahuasca, un espacio donde los pueblos ind\u00edgenas custodios de este conocimiento ocupar\u00e1n un rol central en la gobernanza global sobre sus pr\u00e1cticas y territorios. Por primera vez, representantes ind\u00edgenas participar\u00e1n en un foro internacional con poder real de decisi\u00f3n sobre el futuro de [&hellip;]<\/p>","protected":false},"author":1,"featured_media":188,"comment_status":"open","ping_status":"open","sticky":false,"template":"","format":"standard","meta":{"_jetpack_memberships_contains_paid_content":false,"footnotes":"","jetpack_publicize_message":"","jetpack_publicize_feature_enabled":true,"jetpack_social_post_already_shared":false,"jetpack_social_options":{"image_generator_settings":{"template":"highway","default_image_id":0,"font":"","enabled":false},"version":2}},"categories":[13,10],"tags":[],"class_list":{"0":"post-138","1":"post","2":"type-post","3":"status-publish","4":"format-standard","5":"has-post-thumbnail","7":"category-ayahuasca","8":"category-enteogenos"},"jetpack_publicize_connections":[],"jetpack_featured_media_url":"https:\/\/www.ayahuascanews.org\/wp-content\/uploads\/2026\/01\/foro-mundial-de-la-ayahuasca.jpg.webp","jetpack_sharing_enabled":true,"_links":{"self":[{"href":"https:\/\/www.ayahuascanews.org\/zh\/wp-json\/wp\/v2\/posts\/138","targetHints":{"allow":["GET"]}}],"collection":[{"href":"https:\/\/www.ayahuascanews.org\/zh\/wp-json\/wp\/v2\/posts"}],"about":[{"href":"https:\/\/www.ayahuascanews.org\/zh\/wp-json\/wp\/v2\/types\/post"}],"author":[{"embeddable":true,"href":"https:\/\/www.ayahuascanews.org\/zh\/wp-json\/wp\/v2\/users\/1"}],"replies":[{"embeddable":true,"href":"https:\/\/www.ayahuascanews.org\/zh\/wp-json\/wp\/v2\/comments?post=138"}],"version-history":[{"count":2,"href":"https:\/\/www.ayahuascanews.org\/zh\/wp-json\/wp\/v2\/posts\/138\/revisions"}],"predecessor-version":[{"id":189,"href":"https:\/\/www.ayahuascanews.org\/zh\/wp-json\/wp\/v2\/posts\/138\/revisions\/189"}],"wp:featuredmedia":[{"embeddable":true,"href":"https:\/\/www.ayahuascanews.org\/zh\/wp-json\/wp\/v2\/media\/188"}],"wp:attachment":[{"href":"https:\/\/www.ayahuascanews.org\/zh\/wp-json\/wp\/v2\/media?parent=138"}],"wp:term":[{"taxonomy":"category","embeddable":true,"href":"https:\/\/www.ayahuascanews.org\/zh\/wp-json\/wp\/v2\/categories?post=138"},{"taxonomy":"post_tag","embeddable":true,"href":"https:\/\/www.ayahuascanews.org\/zh\/wp-json\/wp\/v2\/tags?post=138"}],"curies":[{"name":"wp","href":"https:\/\/api.w.org\/{rel}","templated":true}]}}