{"id":138,"date":"2026-01-08T13:16:54","date_gmt":"2026-01-08T13:16:54","guid":{"rendered":"http:\/\/tdi_78_49e"},"modified":"2026-01-12T09:40:48","modified_gmt":"2026-01-12T09:40:48","slug":"primer-foro-mundial-ayahuasca","status":"publish","type":"post","link":"https:\/\/www.ayahuascanews.org\/it\/primer-foro-mundial-ayahuasca\/","title":{"rendered":"Il primo Forum Mondiale sull'Ayahuasca si terr\u00e0 in Spagna"},"content":{"rendered":"<p>Nel settembre 2026, Girona ospiter\u00e0 il primo Forum Mondiale dell'Ayahuasca, uno spazio in cui i popoli indigeni custodi di questa conoscenza avranno un ruolo centrale nella governance globale delle loro pratiche e dei loro territori.<\/p>\n\n\n\n<p>Per la prima volta, i rappresentanti indigeni parteciperanno a un forum internazionale con un reale potere decisionale sul futuro dell'ayahuasca. Organizzato dall'Istituto Yorenka Tasorentsi e dall'ICEERS, l'evento riunir\u00e0 nella citt\u00e0 catalana leader tradizionali, ricercatori, professionisti della salute e responsabili politici per discutere le sfide dell'espansione di questa pianta sacra al di l\u00e0 dei suoi territori d'origine.<\/p>\n\n\n\n<p>L'iniziativa nasce da decenni di lavoro collettivo e dalla<a href=\"https:\/\/ayahuascaconferenciaindigena.org\/en\" target=\"_blank\" rel=\"noopener\">&nbsp;V Conferenza indigena sull'ayahuasca in Brasile<\/a>, dove hanno denunciato la crescente mercificazione e chiesto il rispetto del diritto alla consultazione libera, preventiva e informata. L'incontro cerca di trascendere i modelli dei congressi accademici, creando spazi di dialogo interculturale e protocolli etici che diano priorit\u00e0 alla voce dei popoli che hanno sostenuto queste pratiche.<\/p>\n\n\n\n<p>Il forum affronter\u00e0 anche questioni come l'eccessivo sfruttamento delle risorse naturali, la<a href=\"https:\/\/canamo.net\/noticias\/mundo\/son-realmente-milenarios-los-usos-psicodelicos\" target=\"_blank\" rel=\"noopener\">&nbsp;turismo psichedelico<\/a>&nbsp;e la mancanza di quadri normativi chiari. I casi di appropriazione culturale e di pratiche scorrette nelle cerimonie urbane hanno intensificato la richiesta di una risposta multisettoriale basata sulla comunit\u00e0, che protegga sia la biodiversit\u00e0 che i diritti culturali delle comunit\u00e0.<\/p>\n\n\n\n<p>Il Centro internazionale per l'educazione, la ricerca e il servizio etnobotanico&nbsp;<a href=\"https:\/\/www.iceers.org\/es\/sobre-nosotros\/\" target=\"_blank\" rel=\"noopener\">(GHIACCIOLI<\/a>), co-organizzatore del forum, contribuir\u00e0 con la sua esperienza nella riduzione del danno, nell'assistenza legale e nella generazione di prove scientifiche. Da oltre un decennio, l'organizzazione lavora per sostenere un dialogo rispettoso tra le conoscenze indigene e le strutture biomediche, evitando logiche estrattiviste.<\/p>\n\n\n\n<p>Il&nbsp;<a href=\"https:\/\/www.ayahuasca2026.com\/es\/\" target=\"_blank\" rel=\"noopener\">Forum mondiale sull'ayahuasca<\/a>&nbsp;rappresenta un'opportunit\u00e0 senza precedenti per reimmaginare il rapporto tra il sapere ancestrale e il mondo contemporaneo. Il suo successo dipender\u00e0 dalla trasformazione della globalizzazione da minaccia estrattiva a partnership basata su rispetto e reciprocit\u00e0.<\/p>\n\n\n\n<p>Fonte: <a href=\"https:\/\/canamo.net\/noticias\/espana\/en-espana-se-realizara-el-primer-foro-mundial-de-la-ayahuasca\" target=\"_blank\" rel=\"noopener\">Il primo Forum Mondiale sull'Ayahuasca si terr\u00e0 in Spagna | Canapa<\/a><\/p>","protected":false},"excerpt":{"rendered":"<p>En septiembre de 2026, Girona acoger\u00e1 el primer Foro Mundial de la Ayahuasca, un espacio donde los pueblos ind\u00edgenas custodios de este conocimiento ocupar\u00e1n un rol central en la gobernanza global sobre sus pr\u00e1cticas y territorios. Por primera vez, representantes ind\u00edgenas participar\u00e1n en un foro internacional con poder real de decisi\u00f3n sobre el futuro de [&hellip;]<\/p>","protected":false},"author":1,"featured_media":188,"comment_status":"open","ping_status":"open","sticky":false,"template":"","format":"standard","meta":{"_jetpack_memberships_contains_paid_content":false,"footnotes":"","jetpack_publicize_message":"","jetpack_publicize_feature_enabled":true,"jetpack_social_post_already_shared":false,"jetpack_social_options":{"image_generator_settings":{"template":"highway","default_image_id":0,"font":"","enabled":false},"version":2}},"categories":[13,10],"tags":[],"class_list":{"0":"post-138","1":"post","2":"type-post","3":"status-publish","4":"format-standard","5":"has-post-thumbnail","7":"category-ayahuasca","8":"category-enteogenos"},"jetpack_publicize_connections":[],"jetpack_featured_media_url":"https:\/\/www.ayahuascanews.org\/wp-content\/uploads\/2026\/01\/foro-mundial-de-la-ayahuasca.jpg.webp","jetpack_sharing_enabled":true,"_links":{"self":[{"href":"https:\/\/www.ayahuascanews.org\/it\/wp-json\/wp\/v2\/posts\/138","targetHints":{"allow":["GET"]}}],"collection":[{"href":"https:\/\/www.ayahuascanews.org\/it\/wp-json\/wp\/v2\/posts"}],"about":[{"href":"https:\/\/www.ayahuascanews.org\/it\/wp-json\/wp\/v2\/types\/post"}],"author":[{"embeddable":true,"href":"https:\/\/www.ayahuascanews.org\/it\/wp-json\/wp\/v2\/users\/1"}],"replies":[{"embeddable":true,"href":"https:\/\/www.ayahuascanews.org\/it\/wp-json\/wp\/v2\/comments?post=138"}],"version-history":[{"count":2,"href":"https:\/\/www.ayahuascanews.org\/it\/wp-json\/wp\/v2\/posts\/138\/revisions"}],"predecessor-version":[{"id":189,"href":"https:\/\/www.ayahuascanews.org\/it\/wp-json\/wp\/v2\/posts\/138\/revisions\/189"}],"wp:featuredmedia":[{"embeddable":true,"href":"https:\/\/www.ayahuascanews.org\/it\/wp-json\/wp\/v2\/media\/188"}],"wp:attachment":[{"href":"https:\/\/www.ayahuascanews.org\/it\/wp-json\/wp\/v2\/media?parent=138"}],"wp:term":[{"taxonomy":"category","embeddable":true,"href":"https:\/\/www.ayahuascanews.org\/it\/wp-json\/wp\/v2\/categories?post=138"},{"taxonomy":"post_tag","embeddable":true,"href":"https:\/\/www.ayahuascanews.org\/it\/wp-json\/wp\/v2\/tags?post=138"}],"curies":[{"name":"wp","href":"https:\/\/api.w.org\/{rel}","templated":true}]}}