{"id":138,"date":"2026-01-08T13:16:54","date_gmt":"2026-01-08T13:16:54","guid":{"rendered":"http:\/\/tdi_78_49e"},"modified":"2026-01-12T09:40:48","modified_gmt":"2026-01-12T09:40:48","slug":"primer-foro-mundial-ayahuasca","status":"publish","type":"post","link":"https:\/\/www.ayahuascanews.org\/fr\/primer-foro-mundial-ayahuasca\/","title":{"rendered":"Le premier Forum mondial de l'Ayahuasca se tiendra en Espagne"},"content":{"rendered":"<p>En septembre 2026, G\u00e9rone accueillera le premier forum mondial de l'ayahuasca, un espace o\u00f9 les peuples indig\u00e8nes d\u00e9positaires de ce savoir joueront un r\u00f4le central dans la gouvernance mondiale de leurs pratiques et de leurs territoires.<\/p>\n\n\n\n<p>Pour la premi\u00e8re fois, des repr\u00e9sentants indig\u00e8nes participeront \u00e0 un forum international dot\u00e9 d'un r\u00e9el pouvoir de d\u00e9cision sur l'avenir de l'ayahuasca. Organis\u00e9 par l'Institut Yorenka Tasorentsi et l'ICEERS, l'\u00e9v\u00e9nement r\u00e9unira des chefs traditionnels, des chercheurs, des professionnels de la sant\u00e9 et des d\u00e9cideurs politiques dans la ville catalane pour discuter des d\u00e9fis li\u00e9s \u00e0 l'expansion de cette plante sacr\u00e9e au-del\u00e0 de ses territoires d'origine.<\/p>\n\n\n\n<p>L'initiative est le fruit de d\u00e9cennies de travail collectif et de l'engagement de l'Union europ\u00e9enne.<a href=\"https:\/\/ayahuascaconferenciaindigena.org\/en\" target=\"_blank\" rel=\"noopener\">&nbsp;V\u00e8me conf\u00e9rence sur l'ayahuasca indig\u00e8ne au Br\u00e9sil<\/a>, o\u00f9 ils ont d\u00e9nonc\u00e9 la marchandisation croissante et exig\u00e9 le respect du droit \u00e0 la consultation libre, pr\u00e9alable et inform\u00e9e. La r\u00e9union cherche \u00e0 transcender les mod\u00e8les de congr\u00e8s universitaires, en cr\u00e9ant des espaces de dialogue interculturel et des protocoles \u00e9thiques qui donnent la priorit\u00e9 \u00e0 la voix des peuples qui ont soutenu ces pratiques.<\/p>\n\n\n\n<p>Le forum abordera \u00e9galement des questions telles que la surexploitation des ressources naturelles, la<a href=\"https:\/\/canamo.net\/noticias\/mundo\/son-realmente-milenarios-los-usos-psicodelicos\" target=\"_blank\" rel=\"noopener\">&nbsp;tourisme psych\u00e9d\u00e9lique<\/a>&nbsp;et l'absence de cadres r\u00e9glementaires clairs. Les cas d'appropriation culturelle et de mauvaises pratiques dans les c\u00e9r\u00e9monies urbaines ont intensifi\u00e9 la demande d'une r\u00e9ponse communautaire et multisectorielle qui prot\u00e8ge \u00e0 la fois la biodiversit\u00e9 et les droits culturels des communaut\u00e9s.<\/p>\n\n\n\n<p>Le Centre international pour l'\u00e9ducation, la recherche et le service en ethnobotanique&nbsp;<a href=\"https:\/\/www.iceers.org\/es\/sobre-nosotros\/\" target=\"_blank\" rel=\"noopener\">(ICEERS<\/a>), co-organisateur du forum, apportera son exp\u00e9rience en mati\u00e8re de r\u00e9duction des risques, d'assistance juridique et de production de preuves scientifiques. Depuis plus de dix ans, l'organisation s'efforce de soutenir un dialogue respectueux entre les savoirs autochtones et les cadres biom\u00e9dicaux, en \u00e9vitant les logiques extractivistes.<\/p>\n\n\n\n<p>Le&nbsp;<a href=\"https:\/\/www.ayahuasca2026.com\/es\/\" target=\"_blank\" rel=\"noopener\">Forum mondial de l'Ayahuasca<\/a>&nbsp;offre une occasion sans pr\u00e9c\u00e9dent de r\u00e9imaginer la relation entre les savoirs ancestraux et le monde contemporain. Son succ\u00e8s d\u00e9pendra de la transformation de la mondialisation d'une menace extractive en un partenariat fond\u00e9 sur le respect et la r\u00e9ciprocit\u00e9.<\/p>\n\n\n\n<p>Source : <a href=\"https:\/\/canamo.net\/noticias\/espana\/en-espana-se-realizara-el-primer-foro-mundial-de-la-ayahuasca\" target=\"_blank\" rel=\"noopener\">Le premier Forum mondial de l'Ayahuasca aura lieu en Espagne | Hemp<\/a><\/p>","protected":false},"excerpt":{"rendered":"<p>En septiembre de 2026, Girona acoger\u00e1 el primer Foro Mundial de la Ayahuasca, un espacio donde los pueblos ind\u00edgenas custodios de este conocimiento ocupar\u00e1n un rol central en la gobernanza global sobre sus pr\u00e1cticas y territorios. Por primera vez, representantes ind\u00edgenas participar\u00e1n en un foro internacional con poder real de decisi\u00f3n sobre el futuro de [&hellip;]<\/p>","protected":false},"author":1,"featured_media":188,"comment_status":"open","ping_status":"open","sticky":false,"template":"","format":"standard","meta":{"_jetpack_memberships_contains_paid_content":false,"footnotes":"","jetpack_publicize_message":"","jetpack_publicize_feature_enabled":true,"jetpack_social_post_already_shared":false,"jetpack_social_options":{"image_generator_settings":{"template":"highway","default_image_id":0,"font":"","enabled":false},"version":2}},"categories":[13,10],"tags":[],"class_list":{"0":"post-138","1":"post","2":"type-post","3":"status-publish","4":"format-standard","5":"has-post-thumbnail","7":"category-ayahuasca","8":"category-enteogenos"},"jetpack_publicize_connections":[],"jetpack_featured_media_url":"https:\/\/www.ayahuascanews.org\/wp-content\/uploads\/2026\/01\/foro-mundial-de-la-ayahuasca.jpg.webp","jetpack_sharing_enabled":true,"_links":{"self":[{"href":"https:\/\/www.ayahuascanews.org\/fr\/wp-json\/wp\/v2\/posts\/138","targetHints":{"allow":["GET"]}}],"collection":[{"href":"https:\/\/www.ayahuascanews.org\/fr\/wp-json\/wp\/v2\/posts"}],"about":[{"href":"https:\/\/www.ayahuascanews.org\/fr\/wp-json\/wp\/v2\/types\/post"}],"author":[{"embeddable":true,"href":"https:\/\/www.ayahuascanews.org\/fr\/wp-json\/wp\/v2\/users\/1"}],"replies":[{"embeddable":true,"href":"https:\/\/www.ayahuascanews.org\/fr\/wp-json\/wp\/v2\/comments?post=138"}],"version-history":[{"count":2,"href":"https:\/\/www.ayahuascanews.org\/fr\/wp-json\/wp\/v2\/posts\/138\/revisions"}],"predecessor-version":[{"id":189,"href":"https:\/\/www.ayahuascanews.org\/fr\/wp-json\/wp\/v2\/posts\/138\/revisions\/189"}],"wp:featuredmedia":[{"embeddable":true,"href":"https:\/\/www.ayahuascanews.org\/fr\/wp-json\/wp\/v2\/media\/188"}],"wp:attachment":[{"href":"https:\/\/www.ayahuascanews.org\/fr\/wp-json\/wp\/v2\/media?parent=138"}],"wp:term":[{"taxonomy":"category","embeddable":true,"href":"https:\/\/www.ayahuascanews.org\/fr\/wp-json\/wp\/v2\/categories?post=138"},{"taxonomy":"post_tag","embeddable":true,"href":"https:\/\/www.ayahuascanews.org\/fr\/wp-json\/wp\/v2\/tags?post=138"}],"curies":[{"name":"wp","href":"https:\/\/api.w.org\/{rel}","templated":true}]}}